{"id":1045,"date":"2023-11-27T10:55:04","date_gmt":"2023-11-27T10:55:04","guid":{"rendered":"https:\/\/klubdiplomatov.si\/?p=1045"},"modified":"2023-11-27T10:55:04","modified_gmt":"2023-11-27T10:55:04","slug":"zakaj-slovenija-ni-podelile-agremaja-kandidatu-srbije-za-veleposlanika","status":"publish","type":"post","link":"https:\/\/klubdiplomatov.si\/en\/zakaj-slovenija-ni-podelile-agremaja-kandidatu-srbije-za-veleposlanika\/","title":{"rendered":"Zakaj Slovenija ni podelile agremaja kandidatu Srbije za veleposlanika?"},"content":{"rendered":"<p>Srbija je po uradnih kanalih 8. avgusta letos zaprosila Slovenijo za agrema za\u00a0Zorana \u0110or\u0111evi\u0107a, ki ga \u017eeli postaviti za veleposlanika v Sloveniji.<br \/>\nUradnih informacij o podelitvi agremaja za \u0110or\u0111evi\u010da ni mogo\u010de dobiti. Ministrstvo za zunanje in evropske zadeve namre\u010d \u00bbpostopkov za izdajo agremajev vodjem diplomatskih misij v Sloveniji ne komentira\u00ab.<\/p>\n<p><img loading=\"lazy\" decoding=\"async\" class=\"alignnone size-medium wp-image-1046\" src=\"https:\/\/klubdiplomatov.si\/wp-content\/uploads\/2023\/11\/srbija-300x258.png\" alt=\"\" width=\"300\" height=\"258\" srcset=\"https:\/\/klubdiplomatov.si\/wp-content\/uploads\/2023\/11\/srbija-300x258.png 300w, https:\/\/klubdiplomatov.si\/wp-content\/uploads\/2023\/11\/srbija-1024x882.png 1024w, https:\/\/klubdiplomatov.si\/wp-content\/uploads\/2023\/11\/srbija-768x662.png 768w, https:\/\/klubdiplomatov.si\/wp-content\/uploads\/2023\/11\/srbija-14x12.png 14w, https:\/\/klubdiplomatov.si\/wp-content\/uploads\/2023\/11\/srbija.png 1270w\" sizes=\"auto, (max-width: 300px) 100vw, 300px\" \/><br \/>\nPo 4. \u010dlenu dunajske konvencije o diplomatskih odnosih dr\u017eava sprejemnica, torej Slovenija, ni dol\u017ena dr\u017eavi po\u0161iljateljici pojasniti razlogov za zavrnitev privoljenja. Kot zavrnitev kandidata se v uveljavljeni diplomatski praksi \u0161teje, \u010de dr\u017eava agremaja ne izda v devetdesetih dneh od zaprosila. Po preteku treh mesecev namre\u010d velja, da dr\u017eava sprejemnica kandidata za veleposlanika \u0161teje za neza\u017eeleno osebo. \u00a0Ve\u010d na:\u00a0<a href=\"https:\/\/www.delo.si\/novice\/slovenija\/vucicev-kandidat-za-veleposlanika-nezazelen\/?utm_source=delo_newsletter&amp;utm_medium=email&amp;utm_campaign=Newsletter%205389\">https:\/\/www.delo.si\/novice\/slovenija\/vucicev-kandidat-za-veleposlanika-nezazelen\/?utm_source=delo_newsletter&amp;utm_medium=email&amp;utm_campaign=Newsletter%205389<\/a><\/p>","protected":false},"excerpt":{"rendered":"<p>Srbija je po uradnih kanalih 8. avgusta letos zaprosila Slovenijo za agrema za\u00a0Zorana \u0110or\u0111evi\u0107a, ki ga \u017eeli postaviti za veleposlanika v Sloveniji. Uradnih informacij o podelitvi agremaja za \u0110or\u0111evi\u010da ni mogo\u010de dobiti. Ministrstvo za zunanje in evropske zadeve namre\u010d \u00bbpostopkov za izdajo agremajev vodjem diplomatskih misij v Sloveniji ne komentira\u00ab. Po 4. \u010dlenu dunajske konvencije [&hellip;]<\/p>","protected":false},"author":3,"featured_media":0,"comment_status":"open","ping_status":"open","sticky":false,"template":"","format":"standard","meta":{"footnotes":""},"categories":[1],"tags":[],"class_list":["post-1045","post","type-post","status-publish","format-standard","hentry","category-uncategorized","entry"],"aioseo_notices":[],"_links":{"self":[{"href":"https:\/\/klubdiplomatov.si\/en\/wp-json\/wp\/v2\/posts\/1045","targetHints":{"allow":["GET"]}}],"collection":[{"href":"https:\/\/klubdiplomatov.si\/en\/wp-json\/wp\/v2\/posts"}],"about":[{"href":"https:\/\/klubdiplomatov.si\/en\/wp-json\/wp\/v2\/types\/post"}],"author":[{"embeddable":true,"href":"https:\/\/klubdiplomatov.si\/en\/wp-json\/wp\/v2\/users\/3"}],"replies":[{"embeddable":true,"href":"https:\/\/klubdiplomatov.si\/en\/wp-json\/wp\/v2\/comments?post=1045"}],"version-history":[{"count":1,"href":"https:\/\/klubdiplomatov.si\/en\/wp-json\/wp\/v2\/posts\/1045\/revisions"}],"predecessor-version":[{"id":1047,"href":"https:\/\/klubdiplomatov.si\/en\/wp-json\/wp\/v2\/posts\/1045\/revisions\/1047"}],"wp:attachment":[{"href":"https:\/\/klubdiplomatov.si\/en\/wp-json\/wp\/v2\/media?parent=1045"}],"wp:term":[{"taxonomy":"category","embeddable":true,"href":"https:\/\/klubdiplomatov.si\/en\/wp-json\/wp\/v2\/categories?post=1045"},{"taxonomy":"post_tag","embeddable":true,"href":"https:\/\/klubdiplomatov.si\/en\/wp-json\/wp\/v2\/tags?post=1045"}],"curies":[{"name":"wp","href":"https:\/\/api.w.org\/{rel}","templated":true}]}}