{"id":464,"date":"2022-06-16T07:56:46","date_gmt":"2022-06-16T07:56:46","guid":{"rendered":"https:\/\/klubdiplomatov.si\/?p=464"},"modified":"2022-06-29T07:32:11","modified_gmt":"2022-06-29T07:32:11","slug":"25-eurasian-economic-summit-istanbul-je-za-nami","status":"publish","type":"post","link":"https:\/\/klubdiplomatov.si\/en\/25-eurasian-economic-summit-istanbul-je-za-nami\/","title":{"rendered":"25. Eurasian Economic Summit Istanbul je za nami"},"content":{"rendered":"<h2 class=\"wp-block-heading\"><strong>25. Eurasian Economic Summit je bil v Istanbulu od 1. do 9.6.2022. Udele\u017eenci so prihajali iz kar 43 dr\u017eav. Otvoril ga je predsednik Tur\u010dije in najvi\u0161ji predstavniki vlade, sre\u010danja pa se je osebno udele\u017eilo tudi 12 predsednikov dr\u017eav iz celega sveta.<\/strong><\/h2>\n\n\n\n<p>Predsednica Kluba diplomatov Slovenije je aktivno sodelovala tudi kot govornica na temo A new energy economy &#8211; cooperation and partnership among the global business communities, towards a more digital world, towards a greener world, s podnaslovom Sustainable Development and Environment Protection. Izpostavila je trajnostnno ravnanje v podjetjih in korporacijah, zaradi omejitve \u010dasa se je konkretno posvetila samo dvema to\u010dkama: vodi in izpustom CO2.<\/p>\n\n\n\n<p>Predstavila je, kako z majhnimi koraki lahko dose\u017eemo in prihranimo res veliko. \u00bbEvery drop count\u00ab, je poudarila in tudi predstavila ve\u010d konkretnih nasvetov, kako z izobra\u017eevanjem zaposlenih lahko hitro in u\u010dinkovito prispevamo pri zmanj\u0161anju porabe vode in emisij CO2. Magistra Marjetka Kastner je namre\u010d razvila <a href=\"https:\/\/llacademia.com\/index.php\/sustainable\/\" target=\"_blank\" rel=\"noreferrer noopener\">celotni sistem za podjetja<\/a>, ki bi se \u017eelela usmeriti v trajnost, ki je zagotovo na\u0161a prihodnost in tudi nuja.<\/p>\n\n\n\n<p>Tematike, ki so se jih na Summitu dotaknili, so bile predvsem zelo aktualne, med drugim tudi: vojna v Ukrajini ter kaj smo se lahko iz ukrajinsko \u2013 ruskega konflikta nau\u010dil, Escaping war and forced migration, Food supply and commodity in \u0161e mnoge druge aktualne tematike. Organizatorji so bili nad udele\u017ebo tako visokega vrha kar 43 \u2013 ih dr\u017eav navdu\u0161eni in po\u010da\u0161\u010deni ter obljubljajo, da bodo \u0161e naprej premikali meje.<\/p>\n\n\n\n<figure class=\"wp-block-gallery has-nested-images columns-default is-cropped wp-block-gallery-1 is-layout-flex wp-block-gallery-is-layout-flex\">\n<figure class=\"wp-block-image size-large\"><img loading=\"lazy\" decoding=\"async\" width=\"1024\" height=\"768\" data-id=\"468\" src=\"https:\/\/klubdiplomatov.si\/wp-content\/uploads\/2022\/06\/viber_image_2022-06-11_10-39-08-811-1024x768.jpg\" alt=\"\" class=\"wp-image-468\" srcset=\"https:\/\/klubdiplomatov.si\/wp-content\/uploads\/2022\/06\/viber_image_2022-06-11_10-39-08-811-1024x768.jpg 1024w, https:\/\/klubdiplomatov.si\/wp-content\/uploads\/2022\/06\/viber_image_2022-06-11_10-39-08-811-300x225.jpg 300w, https:\/\/klubdiplomatov.si\/wp-content\/uploads\/2022\/06\/viber_image_2022-06-11_10-39-08-811-768x576.jpg 768w, https:\/\/klubdiplomatov.si\/wp-content\/uploads\/2022\/06\/viber_image_2022-06-11_10-39-08-811-1536x1152.jpg 1536w, https:\/\/klubdiplomatov.si\/wp-content\/uploads\/2022\/06\/viber_image_2022-06-11_10-39-08-811-16x12.jpg 16w, https:\/\/klubdiplomatov.si\/wp-content\/uploads\/2022\/06\/viber_image_2022-06-11_10-39-08-811.jpg 1600w\" sizes=\"auto, (max-width: 1024px) 100vw, 1024px\" \/><figcaption>David A. Chikvaidze (UN) z \u017eeno<\/figcaption><\/figure>\n\n\n\n<figure class=\"wp-block-image size-large\"><img loading=\"lazy\" decoding=\"async\" width=\"1024\" height=\"768\" data-id=\"475\" src=\"https:\/\/klubdiplomatov.si\/wp-content\/uploads\/2022\/06\/Predsednik-Marmara-Foundation-Akkan-Suver-z-zeno-1024x768.jpg\" alt=\"\" class=\"wp-image-475\" srcset=\"https:\/\/klubdiplomatov.si\/wp-content\/uploads\/2022\/06\/Predsednik-Marmara-Foundation-Akkan-Suver-z-zeno-1024x768.jpg 1024w, https:\/\/klubdiplomatov.si\/wp-content\/uploads\/2022\/06\/Predsednik-Marmara-Foundation-Akkan-Suver-z-zeno-300x225.jpg 300w, https:\/\/klubdiplomatov.si\/wp-content\/uploads\/2022\/06\/Predsednik-Marmara-Foundation-Akkan-Suver-z-zeno-768x576.jpg 768w, https:\/\/klubdiplomatov.si\/wp-content\/uploads\/2022\/06\/Predsednik-Marmara-Foundation-Akkan-Suver-z-zeno-1536x1152.jpg 1536w, https:\/\/klubdiplomatov.si\/wp-content\/uploads\/2022\/06\/Predsednik-Marmara-Foundation-Akkan-Suver-z-zeno-16x12.jpg 16w, https:\/\/klubdiplomatov.si\/wp-content\/uploads\/2022\/06\/Predsednik-Marmara-Foundation-Akkan-Suver-z-zeno.jpg 1600w\" sizes=\"auto, (max-width: 1024px) 100vw, 1024px\" \/><figcaption>Predsednik Marmara Foundation Akkan Suver z \u017eeno<\/figcaption><\/figure>\n\n\n\n<figure class=\"wp-block-image size-large\"><img loading=\"lazy\" decoding=\"async\" width=\"1024\" height=\"768\" data-id=\"465\" src=\"https:\/\/klubdiplomatov.si\/wp-content\/uploads\/2022\/06\/IMG_7756-1024x768.jpg\" alt=\"\" class=\"wp-image-465\" srcset=\"https:\/\/klubdiplomatov.si\/wp-content\/uploads\/2022\/06\/IMG_7756-1024x768.jpg 1024w, https:\/\/klubdiplomatov.si\/wp-content\/uploads\/2022\/06\/IMG_7756-300x225.jpg 300w, https:\/\/klubdiplomatov.si\/wp-content\/uploads\/2022\/06\/IMG_7756-768x576.jpg 768w, https:\/\/klubdiplomatov.si\/wp-content\/uploads\/2022\/06\/IMG_7756-1536x1152.jpg 1536w, https:\/\/klubdiplomatov.si\/wp-content\/uploads\/2022\/06\/IMG_7756-16x12.jpg 16w, https:\/\/klubdiplomatov.si\/wp-content\/uploads\/2022\/06\/IMG_7756.jpg 1600w\" sizes=\"auto, (max-width: 1024px) 100vw, 1024px\" \/><\/figure>\n\n\n\n<figure class=\"wp-block-image size-large\"><img loading=\"lazy\" decoding=\"async\" width=\"1024\" height=\"768\" data-id=\"469\" src=\"https:\/\/klubdiplomatov.si\/wp-content\/uploads\/2022\/06\/IMG_7754-1024x768.jpg\" alt=\"\" class=\"wp-image-469\" srcset=\"https:\/\/klubdiplomatov.si\/wp-content\/uploads\/2022\/06\/IMG_7754-1024x768.jpg 1024w, https:\/\/klubdiplomatov.si\/wp-content\/uploads\/2022\/06\/IMG_7754-300x225.jpg 300w, https:\/\/klubdiplomatov.si\/wp-content\/uploads\/2022\/06\/IMG_7754-768x576.jpg 768w, https:\/\/klubdiplomatov.si\/wp-content\/uploads\/2022\/06\/IMG_7754-1536x1152.jpg 1536w, https:\/\/klubdiplomatov.si\/wp-content\/uploads\/2022\/06\/IMG_7754-16x12.jpg 16w, https:\/\/klubdiplomatov.si\/wp-content\/uploads\/2022\/06\/IMG_7754.jpg 1600w\" sizes=\"auto, (max-width: 1024px) 100vw, 1024px\" \/><\/figure>\n\n\n\n<figure class=\"wp-block-image size-large\"><img loading=\"lazy\" decoding=\"async\" width=\"1024\" height=\"768\" data-id=\"467\" src=\"https:\/\/klubdiplomatov.si\/wp-content\/uploads\/2022\/06\/viber_image_2022-06-11_10-36-55-214-1024x768.jpg\" alt=\"\" class=\"wp-image-467\" srcset=\"https:\/\/klubdiplomatov.si\/wp-content\/uploads\/2022\/06\/viber_image_2022-06-11_10-36-55-214-1024x768.jpg 1024w, https:\/\/klubdiplomatov.si\/wp-content\/uploads\/2022\/06\/viber_image_2022-06-11_10-36-55-214-300x225.jpg 300w, https:\/\/klubdiplomatov.si\/wp-content\/uploads\/2022\/06\/viber_image_2022-06-11_10-36-55-214-768x576.jpg 768w, https:\/\/klubdiplomatov.si\/wp-content\/uploads\/2022\/06\/viber_image_2022-06-11_10-36-55-214-1536x1152.jpg 1536w, https:\/\/klubdiplomatov.si\/wp-content\/uploads\/2022\/06\/viber_image_2022-06-11_10-36-55-214-16x12.jpg 16w, https:\/\/klubdiplomatov.si\/wp-content\/uploads\/2022\/06\/viber_image_2022-06-11_10-36-55-214.jpg 1600w\" sizes=\"auto, (max-width: 1024px) 100vw, 1024px\" \/><figcaption>Predsednik Mesi\u0107 In hrva\u0161ki veleposlanik v Tur\u010diji Hrvoje Cvitanovi\u0107<\/figcaption><\/figure>\n<\/figure>","protected":false},"excerpt":{"rendered":"<p>25. Eurasian Economic Summit je bil v Istanbulu od 1. do 9.6.2022. Udele\u017eenci so prihajali iz kar 43 dr\u017eav. Otvoril ga je predsednik Tur\u010dije in najvi\u0161ji predstavniki vlade, sre\u010danja pa se je osebno udele\u017eilo tudi 12 predsednikov dr\u017eav iz celega sveta.<\/p>","protected":false},"author":1,"featured_media":465,"comment_status":"open","ping_status":"open","sticky":false,"template":"","format":"standard","meta":{"footnotes":""},"categories":[12],"tags":[19,17,18],"class_list":["post-464","post","type-post","status-publish","format-standard","has-post-thumbnail","hentry","category-dogodki","tag-economic-summit","tag-eurasian-economic-summit-istanbul","tag-marjetka-kastner","entry","has-media"],"aioseo_notices":[],"_links":{"self":[{"href":"https:\/\/klubdiplomatov.si\/en\/wp-json\/wp\/v2\/posts\/464","targetHints":{"allow":["GET"]}}],"collection":[{"href":"https:\/\/klubdiplomatov.si\/en\/wp-json\/wp\/v2\/posts"}],"about":[{"href":"https:\/\/klubdiplomatov.si\/en\/wp-json\/wp\/v2\/types\/post"}],"author":[{"embeddable":true,"href":"https:\/\/klubdiplomatov.si\/en\/wp-json\/wp\/v2\/users\/1"}],"replies":[{"embeddable":true,"href":"https:\/\/klubdiplomatov.si\/en\/wp-json\/wp\/v2\/comments?post=464"}],"version-history":[{"count":4,"href":"https:\/\/klubdiplomatov.si\/en\/wp-json\/wp\/v2\/posts\/464\/revisions"}],"predecessor-version":[{"id":476,"href":"https:\/\/klubdiplomatov.si\/en\/wp-json\/wp\/v2\/posts\/464\/revisions\/476"}],"wp:featuredmedia":[{"embeddable":true,"href":"https:\/\/klubdiplomatov.si\/en\/wp-json\/wp\/v2\/media\/465"}],"wp:attachment":[{"href":"https:\/\/klubdiplomatov.si\/en\/wp-json\/wp\/v2\/media?parent=464"}],"wp:term":[{"taxonomy":"category","embeddable":true,"href":"https:\/\/klubdiplomatov.si\/en\/wp-json\/wp\/v2\/categories?post=464"},{"taxonomy":"post_tag","embeddable":true,"href":"https:\/\/klubdiplomatov.si\/en\/wp-json\/wp\/v2\/tags?post=464"}],"curies":[{"name":"wp","href":"https:\/\/api.w.org\/{rel}","templated":true}]}}