{"id":550,"date":"2022-09-14T07:56:00","date_gmt":"2022-09-14T07:56:00","guid":{"rendered":"https:\/\/klubdiplomatov.si\/?p=550"},"modified":"2023-02-17T10:41:15","modified_gmt":"2023-02-17T10:41:15","slug":"slavnostna-vecerja-predsednika-republike-slovenije-dr-danila-turka-v-cast-kraljici-elizabeti-ii","status":"publish","type":"post","link":"https:\/\/klubdiplomatov.si\/en\/slavnostna-vecerja-predsednika-republike-slovenije-dr-danila-turka-v-cast-kraljici-elizabeti-ii\/","title":{"rendered":"Slavnostna ve\u010derja predsednika Republike Slovenije dr. Danila T\u00fcrka v \u010dast kraljici Elizabeti II."},"content":{"rendered":"<p><br><\/p>\n\n\n\n<p>Za ponazoritev \u0161e posebej slavnostne in formalne ve\u010derje sem izbral ve\u010derjo, ki sta jo v \u010dast Njenemu veli\u010danstvu kraljici Elizabeti II. in Njegovi kraljevski visokosti vojvodi Edinbur\u0161kemu ob njunem obisku v Sloveniji oktobra 2008 priredila predsednik Republike Slovenije dr. Danilo T\u00fcrk in gospa Barbara Mikli\u010d T\u00fcrk v Gradu Brdo pri Kranju. Kraljevi par je spremljal zunanji minister David Miliband. \u0160lo je za dr\u017eavni\u0161ki obisk, torej obisk na najvi\u0161ji ravni. Potrdil je odli\u010dne odnose med dr\u017eavama. Potekal je ob voja\u0161kih \u010dasteh in<\/p>\n\n\n\n<figure class=\"wp-block-image size-large\"><img loading=\"lazy\" decoding=\"async\" width=\"1024\" height=\"676\" src=\"https:\/\/klubdiplomatov.si\/wp-content\/uploads\/2022\/09\/sprejem_kraljice_brdo-1024x676.jpg\" alt=\"\" class=\"wp-image-551\" srcset=\"https:\/\/klubdiplomatov.si\/wp-content\/uploads\/2022\/09\/sprejem_kraljice_brdo-1024x676.jpg 1024w, https:\/\/klubdiplomatov.si\/wp-content\/uploads\/2022\/09\/sprejem_kraljice_brdo-300x198.jpg 300w, https:\/\/klubdiplomatov.si\/wp-content\/uploads\/2022\/09\/sprejem_kraljice_brdo-768x507.jpg 768w, https:\/\/klubdiplomatov.si\/wp-content\/uploads\/2022\/09\/sprejem_kraljice_brdo-18x12.jpg 18w, https:\/\/klubdiplomatov.si\/wp-content\/uploads\/2022\/09\/sprejem_kraljice_brdo.jpg 1381w\" sizes=\"auto, (max-width: 1024px) 100vw, 1024px\" \/><\/figure>\n\n\n\n<p>Sprejem kraljice Elizabete II. z voja\u0161kimi \u010dastmi na Gradu Brdo (arhiv Javnega gospodarskega zavoda Protokolarne storitve Republike Slovenije)<\/p>\n\n\n\n<p>strogem spo\u0161tovanju protokola. Slavnostna ve\u010derja je bila, \u010de ne vrh, pa eden od vrhov obiska. Za kraljico, navajeno tovrstnih obedov, je bil kot ljubiteljico konj najbr\u017e bolj zanimiv obisk kobilarne Lipice naslednji dan. Osebni razlog, da sem se osredoto\u010dil na to ve\u010derjo, je bilo dejstvo, da sem leta 1992, kakor sem opisoval na za\u010detku knjige, odprl slovensko veleposlani\u0161tvo v Zdru\u017eenem kraljestvu in da smo si \u017ee v prvih letih po vzpostavitvi diplomatskih odnosov za\u010deli prizadevati za kralji\u010din obisk pri nas. Tak\u0161en dogodek se namre\u010d pripravlja leta, tudi desetletja. Za name\u010dek sem na svoji poklicni poti slu\u017eboval \u0161e v dveh dr\u017eavah \u2013 Avstraliji in Kanadi, ki za svojo kraljico priznavata kraljico Zdru\u017eenega kraljestva.<\/p>\n\n\n\n<p>\u0160e pred ve\u010derjo je potekala izmenjava daril in odlikovanj. Predsednik T\u00fcrk je kraljico Elizabeto II. odlikoval z redom za izredne zasluge Republike Slovenije, in sicer za zasluge pri razvijanju in utrjevanju prijateljskih meddr\u017eavnih odnosov ter za njen prispevek k utrjevanju mednarodnega miru in za \u0161tevilna \u010dlovekoljubna dejanja. Kraljica pa je slovenskega gostitelja odlikovala s kri\u017eem <em>Knight Grand Cross (GCB)<\/em>, red <em>The Most Honourable Order of the Bath.<\/em><\/p>\n\n\n\n<p>Slovenski predsednik je gostji poklonil \u010dajni komplet iz porcelana Catbriyur, njen soprog pa je prejel Valvasorjevo Veliko grbovno knjigo. Unikatno \u010dajno kolekcijo sta izdelala Katja Jurgec Bricman in Jure Bricman. V njej se prepletata okrasje z znamenitega londonskega Big Bena in motiv zna\u010dilnega slovenskega nageljna. Darilo kraljici je primer vrhunskega slovenskega izdelka oziroma sodobne slovenske umetnosti, darilo njenemu soprogu pa je izra\u017ealo zgodovinskost slovenskega naroda oziroma slovensko kulturno dedi\u0161\u010dino. \u0160lo je torej za prepletanje slovenske in britanske kulture, tradicionalnega s sodobnim. Pravzaprav je kraljica, ljubiteljica konj, dobila v dar tudi pravega lipicanca 085 Favory Canissa XXII. Vendar je \u0161lo bolj za simboli\u010dno darilo, saj je konj na njeno \u017eeljo ostal v Lipici v trajni oskrbi. Tudi darilo za kralji\u010dinega soproga, kakor navajam v nadaljevanju, je bilo izbrano vse prej kakor slu\u010dajno. Kraljica je slovenskemu predsedniku podarila knjigo s fotografijami slik Hansa Holbeina iz Kraljeve knji\u017enice v Windsorskem gradu. Mimogrede naj omenim, da je Holbein tudi avtor znane slike z naslovom <em>The Ambassadors<\/em>. Soproga predsednika je prejela spominsko srebrno \u0161atuljo za nakit in podpisano fotografijo, na kateri sta kraljica in vojvoda Edinbur\u0161ki. Omeniti velja \u0161e darila \u010dlanom kraljeve hi\u0161e, ki so na obisku spremljali kraljico. Med protokolarnimi darili so tako bili idrijska \u010dipka, grafika Tromostovje, kristalna karafa, velik kristalni kro\u017enik in veliki kristalni sve\u010dnik Steklarne Roga\u0161ka, ve\u010derna torbica iz \u010drnega \u017eameta Marjete Gro\u0161elj in Ple\u010dnikova kljuka z NUK-a Bo\u0161tjana \u0160tineta. Zunanji minister Miliband je prejel kelih Vrtnica Oskarja Kogoja.<\/p>\n\n\n\n<figure class=\"wp-block-image size-large\"><img loading=\"lazy\" decoding=\"async\" width=\"1024\" height=\"756\" src=\"https:\/\/klubdiplomatov.si\/wp-content\/uploads\/2022\/09\/vabilo_na_vecerjo-1024x756.jpg\" alt=\"\" class=\"wp-image-552\" srcset=\"https:\/\/klubdiplomatov.si\/wp-content\/uploads\/2022\/09\/vabilo_na_vecerjo-1024x756.jpg 1024w, https:\/\/klubdiplomatov.si\/wp-content\/uploads\/2022\/09\/vabilo_na_vecerjo-300x221.jpg 300w, https:\/\/klubdiplomatov.si\/wp-content\/uploads\/2022\/09\/vabilo_na_vecerjo-768x567.jpg 768w, https:\/\/klubdiplomatov.si\/wp-content\/uploads\/2022\/09\/vabilo_na_vecerjo-16x12.jpg 16w, https:\/\/klubdiplomatov.si\/wp-content\/uploads\/2022\/09\/vabilo_na_vecerjo.jpg 1190w\" sizes=\"auto, (max-width: 1024px) 100vw, 1024px\" \/><\/figure>\n\n\n\n<p>Vabilo na ve\u010derjo (arhiv Protokola Republike Slovenije)<\/p>\n\n\n\n<div class=\"wp-block-group\"><div class=\"wp-block-group__inner-container is-layout-flow wp-block-group-is-layout-flow\">\n<p>V okviru programa, ki je potekal na Gradu Brdo, sta predsednik dr. T\u00fcrk in soproga kraljevski par Zdru\u017eenega kraljestva pozdravila \u017ee pred gradom. Kraljica je za tem v Kristalnem salonu lo\u010deno sprejela predsednika vlade Janeza Jan\u0161o in predsednika dr\u017eavnega zbora dr. Pavla Gantarja. Nato se je<\/p>\n<\/div><\/div>\n\n\n\n<figure class=\"wp-block-image size-full\"><img loading=\"lazy\" decoding=\"async\" width=\"297\" height=\"395\" src=\"https:\/\/klubdiplomatov.si\/wp-content\/uploads\/2022\/09\/knjiga_gostov_brdo_1.jpg\" alt=\"\" class=\"wp-image-560\" srcset=\"https:\/\/klubdiplomatov.si\/wp-content\/uploads\/2022\/09\/knjiga_gostov_brdo_1.jpg 297w, https:\/\/klubdiplomatov.si\/wp-content\/uploads\/2022\/09\/knjiga_gostov_brdo_1-226x300.jpg 226w, https:\/\/klubdiplomatov.si\/wp-content\/uploads\/2022\/09\/knjiga_gostov_brdo_1-9x12.jpg 9w\" sizes=\"auto, (max-width: 297px) 100vw, 297px\" \/><\/figure>\n\n\n\n<figure class=\"wp-block-image size-full\"><img loading=\"lazy\" decoding=\"async\" width=\"307\" height=\"408\" src=\"https:\/\/klubdiplomatov.si\/wp-content\/uploads\/2022\/09\/knjiga_gostov_brdo_2.jpg\" alt=\"\" class=\"wp-image-553\" srcset=\"https:\/\/klubdiplomatov.si\/wp-content\/uploads\/2022\/09\/knjiga_gostov_brdo_2.jpg 307w, https:\/\/klubdiplomatov.si\/wp-content\/uploads\/2022\/09\/knjiga_gostov_brdo_2-226x300.jpg 226w, https:\/\/klubdiplomatov.si\/wp-content\/uploads\/2022\/09\/knjiga_gostov_brdo_2-9x12.jpg 9w\" sizes=\"auto, (max-width: 307px) 100vw, 307px\" \/><\/figure>\n\n\n\n<p>Knjiga gostov v Gradu Brdo (arhiv Javnega gospodarskega zavoda Protokolarne storitve Republike Slovenije)<\/p>\n\n\n\n<p>kraljevski par vpisal v knjigo gostov, v Malem salonu pa se seznanil z gosti na ve\u010derji. Ta je po aperitivu potekala v Kristalni dvorani Gradu Brdo. Mo\u0161ki so bili oble\u010deni v \u010drn frak, belo srajco, bel metulj\u010dek, bel telovnik, \u010drne hla\u010de in lakaste \u010devlje, \u017eenske pa v dolge ve\u010derne obleke razli\u010dnih barv. Bela je sicer rezervirana za kraljico. Bila je to ena redkih prilo\u017enosti, da se pri nas oble\u010de frak. Glavni mizi sta bili priklju\u010deni dve manj\u0161i. Seznam gostov je bil pri\u010dakovano raznovrsten in manj pri\u010dakovano predolg. \u010ceprav se v praksi tolerira, da je ve\u010dje \u0161tevilo vabljenih na strani gostitelja, pa prevelikega razkoraka med doma\u010do in tujo stranjo ne bi smelo biti. Navzo\u010di so bili predstavniki izvr\u0161ne oblasti \u2013 zanimivo, da le predsednik vlade in zunanji minister \u2013 ter visoki predstavniki drugih dveh vej oblasti. Nekdanjemu predsedniku s soprogo, cerkvenim in voja\u0161kim predstavnikom so delali dru\u017ebo gospodarstveniki in kulturniki ter kopica drugih gostov. Za nekatere od njih je bilo res malce te\u017eje razbrati logiko, po kateri so se zna\u0161li za mizo. Vendar ima zadnjo besedo glede vabljenih vedno gostitelj.<\/p>\n\n\n\n<figure class=\"wp-block-image size-large\"><img loading=\"lazy\" decoding=\"async\" width=\"732\" height=\"1024\" src=\"https:\/\/klubdiplomatov.si\/wp-content\/uploads\/2022\/09\/sedezni_red_brdo-732x1024.jpg\" alt=\"\" class=\"wp-image-554\" srcset=\"https:\/\/klubdiplomatov.si\/wp-content\/uploads\/2022\/09\/sedezni_red_brdo-732x1024.jpg 732w, https:\/\/klubdiplomatov.si\/wp-content\/uploads\/2022\/09\/sedezni_red_brdo-214x300.jpg 214w, https:\/\/klubdiplomatov.si\/wp-content\/uploads\/2022\/09\/sedezni_red_brdo-768x1074.jpg 768w, https:\/\/klubdiplomatov.si\/wp-content\/uploads\/2022\/09\/sedezni_red_brdo-1098x1536.jpg 1098w, https:\/\/klubdiplomatov.si\/wp-content\/uploads\/2022\/09\/sedezni_red_brdo-9x12.jpg 9w, https:\/\/klubdiplomatov.si\/wp-content\/uploads\/2022\/09\/sedezni_red_brdo.jpg 1379w\" sizes=\"auto, (max-width: 732px) 100vw, 732px\" \/><\/figure>\n\n\n\n<p>Sede\u017eni red (arhiv Protokola Republike Slovenije)<\/p>\n\n\n\n<p>Na za\u010detku ve\u010derje sta se izmenjali zdravici. Vsak je govoril v svojem jeziku. Zdravici sta bili vnaprej prevedeni in natisnjeni. Ob poslu\u0161anju ju je lahko vsak gost vzel v roke.<\/p>\n\n\n\n<p>Prvi je bil seveda na vrsti gostitelj, predsednik dr. Danilo T\u00fcrk.<\/p>\n\n\n\n<p><em>\u00bbVa\u0161e veli\u010danstvo,<\/em><\/p>\n\n\n\n<p><em>Va\u0161a kraljevska visokost,<\/em><\/p>\n\n\n\n<p><em>V veliko \u010dast mi je, da imam prilo\u017enost za\u017eeleti vam dobrodo\u0161lico v na\u0161i de\u017eeli v imenu dr\u017eavljanov Republike Slovenije. Kot predsedniku mi je \u0161e v posebno \u010dast, da imam privilegij pozdraviti vas ob prvem obisku tu pri nas.<\/em><\/p>\n\n\n\n<p><em>Va\u0161 obisk vidim kot potrditev odli\u010dnih odnosov med na\u0161ima dvema narodoma, ki ju povezuje prijateljstvo, katerega preteklost in pristnost vzbujata spo\u0161tovanje.<\/em><\/p>\n\n\n\n<p><em>\u0160ir\u0161a javnost se vedno ni zavedala stoletne zgodovine teh odnosov. Med pomembnimi dogodki bi najbr\u017e moral za\u010deti s sprejemom slovenskega znanstvenika, umetnika, tehnika in vojaka Janeza Vajkarda Valvasorja v londonsko Kraljevsko zdru\u017eenje. Zanimanje tega je vzbudil neobi\u010dajni kra\u0161ki pojav, presihajo\u010de Cerkni\u0161ko jezero v Sloveniji. Valvasor je jezero opisal kot \u00bbveliko \u010dudo narave, kjer si med letom na istem mestu lahko ribaril, lovil in kosil.\u00ab S svojim raziskovanjem je Valvasor postavil Slovenijo na znanstveni zemljevid sveta. Lahko re\u010demo, da je zanimanje za naravo na\u0161a naroda povezalo \u017ee v 17.-tem stoletju.<\/em><\/p>\n\n\n\n<p><em>Podobne prefinjene vezi lahko najdemo tudi na drugih podro\u010djih. Najbolje odsevajo v na\u0161i kulturni zgodovini. Po mnenju literarne stroke so na\u0161ega velikega pesnika Franceta Pre\u0161erna pri njegovem kreativnem in vizionarskem ustvarjanju navdihovali angle\u0161kimi avtorji, kot so Shakespeare, Scott, Byron in Shelly. Slovenci smo njegove verze izbrali za nacionalno himno. Govorijo o \u010dlovekovi svobodi in miru in podajajo brez\u010dasno sporo\u010dilo. \u00bb\u017dive naj vsi narodi, ki hrepene do\u010dakat&#8217; dan, da koder sonce hodi, prepir iz sveta po pregnan, da rojak prost bo vsak, ne vrag, le sosed bo mejak.\u00ab<\/em><\/p>\n\n\n\n<p><em>Va\u0161e veli\u010danstvo, pozdravljam vas tudi kot predstavnika ene od dr\u017eav, katerih prijateljstvo z nami je prestalo preizkus druge svetovne vojne, ene od najve\u010djih preizku\u0161enj, ko so se ubranila na\u010dela, na katerih po\u010diva na\u0161a civilizacija.<\/em><\/p>\n\n\n\n<p><em>Slovenci zelo spo\u0161tujemo velikega vodjo Sir Winston Churchilla. Spominjamo se njegovega govora z junija 1940 in spoznanja, da bo od izhoda vojne z nacizmom in fa\u0161izmom odvisen prihodnji obstoj civilizacije ker, \u00bb\u010de nam ne uspe, se bo celotni svet pogreznil v brezno novega stoletja tema\u010dnosti, ki ga bodo lu\u010di sprijene znanosti, podalj\u0161ale in napravile \u0161e bolj zlove\u0161\u010dega.\u00ab To spoznanje je bilo odlo\u010dilno za Zdru\u017eeno kraljestvo in izredno pomembno za usodo sveta in enako za pre\u017eivetje nas Slovencev.<\/em><\/p>\n\n\n\n<p><em>Zelo cenimo odlo\u010dilni prispevek Zdru\u017eenega kraljestva k miru in so\u017eitju v Evropi. Zavedamo se tudi odlo\u010dilne vloge va\u0161e dr\u017eave pri razre\u0161evanju kriz v na\u0161em delu Evrope na koncu preteklega desetletja in glede mednarodnega priznanja Slovenije. Vedno smo cenili britansko politiko razumevanja in podpore malim narodom. Ta podpora je bila zanje bistvena v 20-tem stoletju in po pomembna tudi v prihodnje.&nbsp;<\/em><\/p>\n\n\n\n<p><em>Visoka razvitost na\u0161ih odnosov ima veliko obrazov. Eden od njih, zelo pomemben za mojo generacijo, je bila seveda kulturna revolucija povezana z Beatlesi, katerim ste povsem upravi\u010deno podelili vite\u0161ke \u010dasti. Vendar ne samo preteklost, v na\u0161em sodelovanju nas zanimajo tudi novosti in to na vseh podro\u010djih na\u0161ih prizadevanj.<\/em><\/p>\n\n\n\n<p><em>Va\u0161e viso\u010danstvo, nisem \u0161e omenil na\u0161ih politi\u010dnih odnosov, ki so odli\u010dni, pa na\u0161ega sodelovanja&nbsp; pri delu Varnostnega sveta OZN, sodelovanja na podro\u010dju obrambe, ki je enako izredno, odkar smo postali \u010dlanica Nata, pa kulturnega sodelovanja, ki se \u0161e naprej krepi, izmenjave blaga in storitev, ki se hitro pove\u010duje, odkar smo postali \u010dlanica EU.<\/em><\/p>\n\n\n\n<p><em>To sodelovanje ima trdne temelje. V okviru skupnega evropskega doma, si prizadevamo uresni\u010diti vizijo zdru\u017eene, svobodne in bogate Evrope, v smislu kulturne ustvarjalnosti, medsebojne solidarnosti, spo\u0161tovanja posameznikov in njihovih pravic in vsega bistvenega in splo\u0161no pomembnega za novo Evropo.<\/em><\/p>\n\n\n\n<p><em>Kar se ti\u010de temnih finan\u010dnih oblakov in za\u010detka recesije, ne smemo izgubiti poguma in odlo\u010dnosti. Dovolite mi, da \u0161e enkrat citiram Churchilla: \u00bbPesimist vidi te\u017eavo v vsaki prilo\u017enosti, optimist vidi prilo\u017enost v vsaki te\u017eavi.\u00ab Pogum je med \u010dlovekovimi lastnostmi na prvem mestu, saj omogo\u010da vse ostale.<\/em><\/p>\n\n\n\n<p><em>Va\u0161e veli\u010danstvo, danes ste na zgodovinskem obisku, ki bo nedvomno okrepil odnose med dr\u017eavama. Ti odnosi, s tako trdnimi temelji, bodo &#8211; in v to trdno verjamem &#8211; odli\u010dni tudi v prihodnje.<\/em><\/p>\n\n\n\n<p><em>Va\u0161e veli\u010danstvo, va\u0161a kraljevska visokost, naj na koncu poudarim, da dobro poznamo in cenimo pomembnost in \u0161irino prizadevanj kraljevske dru\u017eine za lep\u0161o prihodnost, za prijaznej\u0161e sonce na vsem planetu in va\u0161o skrb za dedi\u0161\u010dino, ki jo bomo predali prihodnjim generacijam. Rad bi izkoristil to prilo\u017enost in se vam zahvalil za va\u0161 trud.<\/em><\/p>\n\n\n\n<p><em>Dovolite mi, va\u0161e veli\u010danstvo in va\u0161a kraljevska visokost, da nazdravim vam osebno, Zdru\u017eenemu kraljestvu, blaginji na\u0161ih dr\u017eavljanov, na\u0161emu prijateljstvu in sodelovanju v prihodnje. \u017delim vam vse najbolj\u0161e \u2026 Na zdravje!\u00ab<\/em><\/p>\n\n\n\n<p>&nbsp;Sledil je odgovor kraljice Elizabete II.<\/p>\n\n\n\n<figure class=\"wp-block-image size-large\"><img loading=\"lazy\" decoding=\"async\" width=\"1024\" height=\"676\" src=\"https:\/\/klubdiplomatov.si\/wp-content\/uploads\/2022\/09\/kraljica_elizabeta_med_branjem_zdravice-1024x676.jpg\" alt=\"\" class=\"wp-image-555\" srcset=\"https:\/\/klubdiplomatov.si\/wp-content\/uploads\/2022\/09\/kraljica_elizabeta_med_branjem_zdravice-1024x676.jpg 1024w, https:\/\/klubdiplomatov.si\/wp-content\/uploads\/2022\/09\/kraljica_elizabeta_med_branjem_zdravice-300x198.jpg 300w, https:\/\/klubdiplomatov.si\/wp-content\/uploads\/2022\/09\/kraljica_elizabeta_med_branjem_zdravice-768x507.jpg 768w, https:\/\/klubdiplomatov.si\/wp-content\/uploads\/2022\/09\/kraljica_elizabeta_med_branjem_zdravice-18x12.jpg 18w, https:\/\/klubdiplomatov.si\/wp-content\/uploads\/2022\/09\/kraljica_elizabeta_med_branjem_zdravice.jpg 1381w\" sizes=\"auto, (max-width: 1024px) 100vw, 1024px\" \/><\/figure>\n\n\n\n<p>Kraljica Elizabeta II. med branjem zdravice. Kakor obi\u010dajno ob tovrstnih prilo\u017enostih, je bila oble\u010dena v ve\u010derno obleko bele barve (arhiv Javnega gospodarskega zavoda Protokolarne storitve Republike Slovenije)<\/p>\n\n\n\n<p><em>\u00bbSpo\u0161tovani gospod predsednik,<\/em><\/p>\n\n\n\n<p><em>Prisr\u010dna hvala za prijazno in toplo dobrodo\u0161lico. S Princem Philipom sva po\u010da\u0161\u010dena, da najin prvi obisk Slovenije poteka tako kmalu po nadvse uspe\u0161nem prvem slovenskem predsedovanju Evropski uniji. Dovolite mi, da vam \u010destitam za izvrstno opravljeno delo in da se vam zahvalim za tesno sodelovanje med na\u0161ima dr\u017eavama v tem nadvse delovnem obdobju.<\/em><\/p>\n\n\n\n<p><em>Va\u0161 uspeh je toliko bolj izrazit ob dejstvu, da je Slovenija postala neodvisna evropska dr\u017eava pred zgolj 17 leti. Korenite spremembe, ki so sledile letu 1991, so plod izjemne energije, vizije in odlo\u010dnosti va\u0161e dr\u017eave.<\/em><\/p>\n\n\n\n<p><em>Morda je Slovenija mlada dr\u017eava, vendar so njeni ljudje pomembno prispevali k \u017eivljenju v Evropi, k bogastvu na\u0161e umetnosti, znanosti in knji\u017eevnosti. Eden od pomembnih slovenskih biserov, ki se lahko pohvali z globoko in barvito zgodovino, je seveda lipicanec, ki je tu doma. Jutri se bova s princem Philipom odpravila v Lipico, kjer naju bodo pou\u010dili o pasmi, ki je \u017ee stoletja tako zelo cenjena po vsej evropski celini in s katero se Slovenija mo\u010dno istoveti.<\/em><\/p>\n\n\n\n<p><em>Prve stike sta na\u0161i dr\u017eavi navezali \u017ee pred ve\u010d sto leti. Leta 1687 je znani znanstvenik in zgodovinar Janez Vajkard Valvazor zaradi svojega prispevka k razumevanju narave postal izvoljeni \u010dlan britanskega Kraljevskega zdru\u017eenja. Pred nekaj leti smo po njem poimenovali tudi \u0161tipendijsko shemo za slovenske \u0161tudente v Zdru\u017eenem kraljestvu.<\/em><\/p>\n\n\n\n<p><em>Zgodovina je \u017eelela, da so se \u017eelje slovenskega naroda po neodvisnosti in priznanju lahko uresni\u010dile \u0161ele v zadnjem desetletju 20. stoletja. Pa vendar je Slovenija hitro nadoknadila izgubljeni \u010das. Zdru\u017eeno kraljestvo jo je skozi devetdeseta leta prej\u0161njega stoletja mo\u010dno podpiralo na njeni poti k \u010dlanstvu v Evropski uniji in Natu. Tesne vezi, ki so se takrat oblikovale med obema vladama, na podro\u010dju sodstva, policijskega in voja\u0161kega sodelovanja, se danes le \u0161e krepijo.<\/em><\/p>\n\n\n\n<p><em>Danes skupaj s Slovenijo prena\u0161amo znanje, ki ga je Slovenija pridobila na poti k uspehu, dr\u017eavam zahodnega Balkana in drugam. Slovenija velikodu\u0161no sodeluje pri \u010dlovekoljubnih in mirovnih operacijah na mednarodnem odru, za kar ji izrekam spo\u0161tovanje. Zdru\u017eenemu kraljestvu je v ponos, da lahko sodeluje s slovenskimi zavezniki na Kosovu, v Iraku in v Afganistanu.<\/em><\/p>\n\n\n\n<p><em>Sodelovanje med obema vladama je neprecenljivo, zavedamo pa se, da ima prijateljstvo tudi bolj \u010dlove\u0161ke razse\u017enosti, in ni bolj\u0161ega kot za\u010deti z mladimi. S princem Philipom sva zelo vesela, da se v Sloveniji izvaja program vojvode Edinbur\u0161kega Mednarodno priznanje za mlade. Po\u010da\u0161\u010dena sva, da ste se vi gospod predsednik, osebno zavzeli za uspe\u0161no delovanje tega programa.<\/em><\/p>\n\n\n\n<p><em>Prav je tudi, da omenim dolgoletno ljubezen Britancev do Julijskih Alp, ki traja vse od prvih za\u010detkov slovenskega turizma v dvajsetih letih prej\u0161njega stoletja. Britanski obiskovalci prihajajo v va\u0161i de\u017eelo tako pozimi kot poleti, da bi se nagledali lepote slovenskih gora, gozdov in jezer ter se nau\u017eili topline in velikodu\u0161nosti slovenskih gostiteljev. \u0160e ve\u010d, veliko Britancev si je v Sloveniji ustvarilo svoj drugi dom.<\/em><\/p>\n\n\n\n<p><em>Prepri\u010dana sem, da se bodo odnosi me na\u0161ima dr\u017eavama v prihodnje \u0161e poglabljali. Upam, da bo najin obisk pokazal, kako pomembno vlogo pripisuje Zdru\u017eeno kraljestvo odnosu s Slovenijo, s katero nas dru\u017eijo skupne vrednote in cilji in ki je na\u0161a partnerka v Evropski uniji in Natu. Princu Philipu in meni je v veliko zadovoljstvo, da sva lahko danes z vami.<\/em><\/p>\n\n\n\n<p><em>Spo\u0161tovane gospe in gospodje, prosim, pridru\u017eite se mi, da skupaj nazdravimo predsedniku in dr\u017eavljanom Republike Slovenije.\u00ab<\/em><\/p>\n\n\n\n<p>Nato so gostje lahko posegli po jedilnem priboru in se podrobneje seznanili z<\/p>\n\n\n\n<figure class=\"wp-block-image size-full\"><img loading=\"lazy\" decoding=\"async\" width=\"625\" height=\"908\" src=\"https:\/\/klubdiplomatov.si\/wp-content\/uploads\/2022\/09\/brdo_jedilnik_1.jpg\" alt=\"\" class=\"wp-image-556\" srcset=\"https:\/\/klubdiplomatov.si\/wp-content\/uploads\/2022\/09\/brdo_jedilnik_1.jpg 625w, https:\/\/klubdiplomatov.si\/wp-content\/uploads\/2022\/09\/brdo_jedilnik_1-206x300.jpg 206w, https:\/\/klubdiplomatov.si\/wp-content\/uploads\/2022\/09\/brdo_jedilnik_1-8x12.jpg 8w\" sizes=\"auto, (max-width: 625px) 100vw, 625px\" \/><\/figure>\n\n\n\n<figure class=\"wp-block-image size-large\"><img loading=\"lazy\" decoding=\"async\" width=\"1024\" height=\"711\" src=\"https:\/\/klubdiplomatov.si\/wp-content\/uploads\/2022\/09\/brdo_jedilnik_2-1024x711.jpg\" alt=\"\" class=\"wp-image-557\" srcset=\"https:\/\/klubdiplomatov.si\/wp-content\/uploads\/2022\/09\/brdo_jedilnik_2-1024x711.jpg 1024w, https:\/\/klubdiplomatov.si\/wp-content\/uploads\/2022\/09\/brdo_jedilnik_2-300x208.jpg 300w, https:\/\/klubdiplomatov.si\/wp-content\/uploads\/2022\/09\/brdo_jedilnik_2-768x533.jpg 768w, https:\/\/klubdiplomatov.si\/wp-content\/uploads\/2022\/09\/brdo_jedilnik_2-18x12.jpg 18w, https:\/\/klubdiplomatov.si\/wp-content\/uploads\/2022\/09\/brdo_jedilnik_2.jpg 1323w\" sizes=\"auto, (max-width: 1024px) 100vw, 1024px\" \/><\/figure>\n\n\n\n<p>Jedilnik (arhiv Protokola Republike Slovenije)<\/p>\n\n\n\n<p>jedilnikom. Ta naj bi vsaj ve\u010dinoma zajemal slovenske jedi, prilagojene obisku.<\/p>\n\n\n\n<figure class=\"wp-block-image size-full\"><img loading=\"lazy\" decoding=\"async\" width=\"405\" height=\"609\" src=\"https:\/\/klubdiplomatov.si\/wp-content\/uploads\/2022\/09\/clan_kuharske_ekipe_brdo.jpg\" alt=\"\" class=\"wp-image-558\" srcset=\"https:\/\/klubdiplomatov.si\/wp-content\/uploads\/2022\/09\/clan_kuharske_ekipe_brdo.jpg 405w, https:\/\/klubdiplomatov.si\/wp-content\/uploads\/2022\/09\/clan_kuharske_ekipe_brdo-200x300.jpg 200w, https:\/\/klubdiplomatov.si\/wp-content\/uploads\/2022\/09\/clan_kuharske_ekipe_brdo-8x12.jpg 8w\" sizes=\"auto, (max-width: 405px) 100vw, 405px\" \/><\/figure>\n\n\n\n<p>Eden od \u010dlanov kuharske ekipe, ki je pripravila jedi za slavnostno ve\u010derjo (arhiv Javnega gospodarskega zavoda Protokolarne storitve Republike Slovenije)<\/p>\n\n\n\n<p>Jedi, ki jih je pripravilo osem kuharjev pod vodstvom Roberta Merzela, so spremljala slovenska vina. Nato\u010dili so jih seveda v kristalne kozarce iz Roga\u0161ke. Ve\u010derjo je postreglo 18 natakarjev pod vodstvom Vlada Sekirnika.<\/p>\n\n\n\n<p>Ve\u010der je popestril kratek koncert violinistke Anje Bukovec s klavirsko spremljavo.<\/p>\n\n\n\n<figure class=\"wp-block-image size-large\"><img loading=\"lazy\" decoding=\"async\" width=\"1024\" height=\"802\" src=\"https:\/\/klubdiplomatov.si\/wp-content\/uploads\/2022\/09\/glasbeni_del_vecerje-1024x802.jpg\" alt=\"\" class=\"wp-image-559\" srcset=\"https:\/\/klubdiplomatov.si\/wp-content\/uploads\/2022\/09\/glasbeni_del_vecerje-1024x802.jpg 1024w, https:\/\/klubdiplomatov.si\/wp-content\/uploads\/2022\/09\/glasbeni_del_vecerje-300x235.jpg 300w, https:\/\/klubdiplomatov.si\/wp-content\/uploads\/2022\/09\/glasbeni_del_vecerje-768x602.jpg 768w, https:\/\/klubdiplomatov.si\/wp-content\/uploads\/2022\/09\/glasbeni_del_vecerje-15x12.jpg 15w, https:\/\/klubdiplomatov.si\/wp-content\/uploads\/2022\/09\/glasbeni_del_vecerje.jpg 1260w\" sizes=\"auto, (max-width: 1024px) 100vw, 1024px\" \/><\/figure>\n\n\n\n<p>Glasbeni del ve\u010derje (arhiv Protokola Republike Slovenije)<\/p>\n\n\n\n<p>Ve\u010derja, ki se je za\u010dela ob 20. uri, se je kon\u010dala ob 22. uri.<\/p>\n\n\n\n<p>Odlomek iz knjige RSVP \u2013 kulinari\u010dna diplomacija, avtor:<br>veleposlanik v pokoju dr. Bo\u017eo Cerar.<\/p>","protected":false},"excerpt":{"rendered":"<p>Za ponazoritev \u0161e posebej slavnostne in formalne ve\u010derje sem izbral ve\u010derjo, ki sta jo v \u010dast Njenemu veli\u010danstvu kraljici Elizabeti II. in Njegovi kraljevski visokosti vojvodi Edinbur\u0161kemu ob njunem obisku v Sloveniji oktobra 2008 priredila predsednik Republike Slovenije dr. Danilo T\u00fcrk in gospa Barbara Mikli\u010d T\u00fcrk v Gradu Brdo pri Kranju. Kraljevi par je spremljal [&hellip;]<\/p>","protected":false},"author":1,"featured_media":551,"comment_status":"open","ping_status":"open","sticky":false,"template":"","format":"standard","meta":{"footnotes":""},"categories":[11],"tags":[57,56,22,55,54],"class_list":["post-550","post","type-post","status-publish","format-standard","has-post-thumbnail","hentry","category-novice","tag-brdo","tag-danilo-turk","tag-diplomacija","tag-elizabeta-ii","tag-kraljica","entry","has-media"],"aioseo_notices":[],"_links":{"self":[{"href":"https:\/\/klubdiplomatov.si\/en\/wp-json\/wp\/v2\/posts\/550","targetHints":{"allow":["GET"]}}],"collection":[{"href":"https:\/\/klubdiplomatov.si\/en\/wp-json\/wp\/v2\/posts"}],"about":[{"href":"https:\/\/klubdiplomatov.si\/en\/wp-json\/wp\/v2\/types\/post"}],"author":[{"embeddable":true,"href":"https:\/\/klubdiplomatov.si\/en\/wp-json\/wp\/v2\/users\/1"}],"replies":[{"embeddable":true,"href":"https:\/\/klubdiplomatov.si\/en\/wp-json\/wp\/v2\/comments?post=550"}],"version-history":[{"count":2,"href":"https:\/\/klubdiplomatov.si\/en\/wp-json\/wp\/v2\/posts\/550\/revisions"}],"predecessor-version":[{"id":568,"href":"https:\/\/klubdiplomatov.si\/en\/wp-json\/wp\/v2\/posts\/550\/revisions\/568"}],"wp:featuredmedia":[{"embeddable":true,"href":"https:\/\/klubdiplomatov.si\/en\/wp-json\/wp\/v2\/media\/551"}],"wp:attachment":[{"href":"https:\/\/klubdiplomatov.si\/en\/wp-json\/wp\/v2\/media?parent=550"}],"wp:term":[{"taxonomy":"category","embeddable":true,"href":"https:\/\/klubdiplomatov.si\/en\/wp-json\/wp\/v2\/categories?post=550"},{"taxonomy":"post_tag","embeddable":true,"href":"https:\/\/klubdiplomatov.si\/en\/wp-json\/wp\/v2\/tags?post=550"}],"curies":[{"name":"wp","href":"https:\/\/api.w.org\/{rel}","templated":true}]}}