{"id":569,"date":"2022-09-19T12:39:02","date_gmt":"2022-09-19T12:39:02","guid":{"rendered":"https:\/\/klubdiplomatov.si\/?p=569"},"modified":"2023-03-03T09:35:22","modified_gmt":"2023-03-03T09:35:22","slug":"koledar-aktivnosti-2022-23","status":"publish","type":"post","link":"https:\/\/klubdiplomatov.si\/en\/koledar-aktivnosti-2022-23\/","title":{"rendered":"Koledar aktivnosti 2022\/23"},"content":{"rendered":"<figure class=\"wp-block-table\"><table><tbody><tr><td>APRIL 2022\n        <\/td><td>21.04.\n        <\/td><td>Ustanovitev kluba\n        <\/td><\/tr><tr><td>MAJ 2022\n        <\/td><td>04.05.\n        <\/td><td>Otvoritveni dogodek&nbsp; EU hi\u0161a\n        <\/td><\/tr><tr><td>OKTOBER 2022\n        <\/td><td>27.10         <\/td><td>Regijski forum &#8211; pomursko podravska regija\n        <\/td><\/tr><tr><td>OKTOBER 2022\n        <\/td><td>&nbsp;<\/td><td>Obisk \u017deneve\n        <\/td><\/tr><tr><td>NOVEMBER 2022\n        <\/td><td>10.11.     <\/td><td>Sre\u010danje \u010dastnih \u010dlanov Kluba diplomatov Slovenije     <\/td><\/tr><tr><td>DECEMBER 2022\n        <\/td><td>7.12.<\/td><td>Sre\u010danje veleposlanikov iz tujih veleposlani\u0161tev v SLO      <\/td><\/tr><tr><td>JANUAR 2023 &#8211;\n        <\/td><td>15.01        <\/td><td>Izlet v Bruselj in obisk evropskega parlamenta<\/td><\/tr><tr><td>FEBRUAR 2023\n        <\/td><td>14.02        <\/td><td>Seja UE Kluba diplomatov Slovenije<\/td><\/tr><tr><td>MAREC 2023\n        <\/td><td>07.03        <\/td><td>Ob\u010dni zbor Kluba diplomatov Slovenije<\/td><\/tr><tr><td>MAREC 2023 <\/td><td>30.03.<\/td><td>Okrogla miza na FDV \u2013 prenosi znanj v diplomaciji<\/td><\/tr><tr><td>APRIL 2023         <\/td><td>20.04.<\/td><td>Letno sre\u010danje ob obletnici ustanovitve<\/td><\/tr><tr><td>MAJ 2023         <\/td><td>31.05.<\/td><td>Regijski forum \u2013 savinjska in koro\u0161ka     <\/td><\/tr><tr><td>JUNIJ 2023         <\/td><td>Po dogovoru<\/td><td>Obisk \u017deneve<\/td><\/tr><tr><td>SEPTEMBER 2023         <\/td><td>21.9.       <\/td><td>Regijski forum obalno &#8211; kra\u0161ke regije<\/td><\/tr><tr><td>OKTOBER 2023<\/td><td>Po dogovoru<\/td><td>Sre\u010danje\u00a0z\u00a0veleposlaniki\u00a0in \u010dastnimi\u00a0konzuli\u00a0doma\u00a0in\u00a0v\u00a0tujini<\/td><\/tr><tr><td>NOVEMBER 2023         <\/td><td>7.11.<\/td><td> Regijski forum gorenjske regije<\/td><\/tr><tr><td>DECEMBER 2023<\/td><td>15.12.<\/td><td>Novoletno sre\u010danje \u010dlanov Kluba<\/td><\/tr><\/tbody><\/table><figcaption class=\"wp-element-caption\">Koledar predstavlja predvidene aktivnosti. Klub Diplomatov Slovenije si pridru\u017euje pravico do sprememb in popravkov v predvidenem koledarju akvtivnosti.<\/figcaption><\/figure>\n\n\n\n<figure class=\"wp-block-image size-full\"><img loading=\"lazy\" decoding=\"async\" width=\"885\" height=\"522\" src=\"https:\/\/klubdiplomatov.si\/wp-content\/uploads\/2022\/09\/slovenia_calendar.png\" alt=\"\" class=\"wp-image-570\" srcset=\"https:\/\/klubdiplomatov.si\/wp-content\/uploads\/2022\/09\/slovenia_calendar.png 885w, https:\/\/klubdiplomatov.si\/wp-content\/uploads\/2022\/09\/slovenia_calendar-300x177.png 300w, https:\/\/klubdiplomatov.si\/wp-content\/uploads\/2022\/09\/slovenia_calendar-768x453.png 768w, https:\/\/klubdiplomatov.si\/wp-content\/uploads\/2022\/09\/slovenia_calendar-18x12.png 18w\" sizes=\"auto, (max-width: 885px) 100vw, 885px\" \/><\/figure>","protected":false},"excerpt":{"rendered":"<p>APRIL 2022 21.04. Ustanovitev kluba MAJ 2022 04.05. Otvoritveni dogodek&nbsp; EU hi\u0161a OKTOBER 2022 27.10 Regijski forum &#8211; pomursko podravska regija OKTOBER 2022 &nbsp; Obisk \u017deneve NOVEMBER 2022 10.11. Sre\u010danje \u010dastnih \u010dlanov Kluba diplomatov Slovenije DECEMBER 2022 7.12. Sre\u010danje veleposlanikov iz tujih veleposlani\u0161tev v SLO JANUAR 2023 &#8211; 15.01 Izlet v Bruselj in obisk evropskega [&hellip;]<\/p>","protected":false},"author":1,"featured_media":0,"comment_status":"open","ping_status":"open","sticky":false,"template":"","format":"standard","meta":{"footnotes":""},"categories":[12],"tags":[61,22,60],"class_list":["post-569","post","type-post","status-publish","format-standard","hentry","category-dogodki","tag-aktivnosti","tag-diplomacija","tag-koledar","entry"],"aioseo_notices":[],"_links":{"self":[{"href":"https:\/\/klubdiplomatov.si\/en\/wp-json\/wp\/v2\/posts\/569","targetHints":{"allow":["GET"]}}],"collection":[{"href":"https:\/\/klubdiplomatov.si\/en\/wp-json\/wp\/v2\/posts"}],"about":[{"href":"https:\/\/klubdiplomatov.si\/en\/wp-json\/wp\/v2\/types\/post"}],"author":[{"embeddable":true,"href":"https:\/\/klubdiplomatov.si\/en\/wp-json\/wp\/v2\/users\/1"}],"replies":[{"embeddable":true,"href":"https:\/\/klubdiplomatov.si\/en\/wp-json\/wp\/v2\/comments?post=569"}],"version-history":[{"count":9,"href":"https:\/\/klubdiplomatov.si\/en\/wp-json\/wp\/v2\/posts\/569\/revisions"}],"predecessor-version":[{"id":773,"href":"https:\/\/klubdiplomatov.si\/en\/wp-json\/wp\/v2\/posts\/569\/revisions\/773"}],"wp:attachment":[{"href":"https:\/\/klubdiplomatov.si\/en\/wp-json\/wp\/v2\/media?parent=569"}],"wp:term":[{"taxonomy":"category","embeddable":true,"href":"https:\/\/klubdiplomatov.si\/en\/wp-json\/wp\/v2\/categories?post=569"},{"taxonomy":"post_tag","embeddable":true,"href":"https:\/\/klubdiplomatov.si\/en\/wp-json\/wp\/v2\/tags?post=569"}],"curies":[{"name":"wp","href":"https:\/\/api.w.org\/{rel}","templated":true}]}}