{"id":640,"date":"2023-01-20T10:53:50","date_gmt":"2023-01-20T10:53:50","guid":{"rendered":"https:\/\/klubdiplomatov.si\/?p=640"},"modified":"2023-01-20T10:56:26","modified_gmt":"2023-01-20T10:56:26","slug":"klub-diplomatov-slovenije-na-obisku-evropska-prestolnica-bruselj","status":"publish","type":"post","link":"https:\/\/klubdiplomatov.si\/en\/klub-diplomatov-slovenije-na-obisku-evropska-prestolnica-bruselj\/","title":{"rendered":"Bruselj s Klubom diplomatov"},"content":{"rendered":"<p><strong>\u010clani Kluba diplomatov Slovenije smo se v \u010detrtek, 12. Januarja odpravili v Bruselj. Zelo heterogena in ve\u010dgeneracijska skupina si je v treh dneh ogledala evropski parlament, se sestala z dvema od osmih slovenskih poslancev evropskega parlamenta, obiskala SBRA in nekatere od \u0161tevilnih znamenitosti Bruslja, na\u0161e evropske prestolnice.<\/strong><\/p>\n\n\n\n<p><\/p>\n\n\n\n<p>V organizaciji Life Learning Academie smo najprej odpravili v stavbo evropskega parlamenta, kjer nas je pri\u010dakala Mateja in nas pospremila na sprejem pri&nbsp; <strong>poslanki Romani Tomc.<\/strong> V prisr\u010dnem in spro\u0161\u010denem vzdu\u0161ju nam je gospa Tomc predstavila parlament kot veliko politi\u010dno areno, v kateri sodeluje, poleg 705 poslancev, \u0161e velika mno\u017eica ljudi. Poudarila je, da traja kar nekaj \u010dasa, da se posameznik seznani s strukturo organizacije. Za u\u010dinkovito delovanje poslancev je pomembno zlasti dobro sodelovanje in povezovanje z ljudmi, vodji in \u010dlani politi\u010dnih skupin, odborov, delegacij, ipd. Tom\u010deva je pozdravila prizadevanje Kluba diplomatov Slovenije, da vklju\u010duje v svoje delovanje tako mlado generacijo kot seniorje. Mladim \u010dlanom kluba je ponudila mo\u017enost sta\u017eiranja. Z veseljem je sprejela pobudo, da si izmenjujemo informacije o sre\u010danjih in dogodkih ter ponudila podporo pri uveljavljanju projektnih pobud Kluba za uveljavljanje pravic in enakopravnosti \u017eensk. Na ve\u010derji s poslanko Romano Tomc smo se dogovorili, da bo Klub pripravili predlog ekskurzije po Sloveniji s ciljem navezovanja prijateljskih stikov s poslanskimi kolegi in veleposlaniki evropskih in drugih dr\u017eav.<\/p>\n\n\n\n<p>Drugi dan nas je na \u201crazgovoru ob kavi\u201d sprejel <strong>poslanec&nbsp; Matja\u017e Nemec, predstavnik politi\u010dne skupine Alde<\/strong>. \u010ceprav sodi, po sta\u017eu, med mlaj\u0161e poslance, si je uspel pridobiti ugled in bil predlagan kot kandidat za podpredsednika parlamenta. Poudaril je, da je njegovo delovanje osredoto\u010deno na razvoj mednarodnega sodelovanja, \u0161e zlasti v okviru dr\u017eav Zahodnega Balkana, zato smo se dogovorili, da bo v prihodnje pri teh aktivnostih sodeloval tudi Klub diplomatov. Tudi g. Nemec je povabil k sta\u017eiranju in sodelovanju mlade \u010dlane Kluba, starej\u0161e pa k udele\u017ebi na dogodkih, ki so si jih zastavili za leto 2023.<\/p>\n\n\n\n<p>Popoldanski del drugega dne obiska je bil namenjen spoznavanju institucije <strong>SBRA, Slovensko gospodarsko in raziskovalno zdru\u017eenje,<\/strong> pod vodstvom Dra\u0161ka Veselinovi\u010da. SBRA si prizadeva najti poti do finan\u010dnih prilo\u017enosti, instrumentov in ustreznih razpisov za sofinanciranje razvojnih in raziskovalnih projektov za svoje \u010dlane. Dogovorili smo se, da se bomo teko\u010de obve\u0161\u010dali o aktivnostih doma in v Bruslju in se udele\u017eevali dogodkov, organiziranih s strani institucije.<\/p>\n\n\n\n<p>Tretji dan smo namenili ogledu turisti\u010dnih znamenitosti Bruslja (Muzej zgodovine EU, Atomium, katedralo Sv.Mihaela, Mestni trg, skulptura Mannekin Pis,&#8230; ) in si vmes privo\u0161\u010dili \u0161e belgijsko \u010dokolado, vaflje ter pivo &#8211; za dober povratek domov in uresni\u010ditev dogovorjenih aktivnosti.<\/p>\n\n\n\n<figure class=\"wp-block-image size-large\"><img loading=\"lazy\" decoding=\"async\" width=\"640\" height=\"480\" src=\"https:\/\/klubdiplomatov.si\/wp-content\/uploads\/2023\/01\/obisk_bruselj_1..jpeg\" alt=\"\" class=\"wp-image-641\" srcset=\"https:\/\/klubdiplomatov.si\/wp-content\/uploads\/2023\/01\/obisk_bruselj_1..jpeg 640w, https:\/\/klubdiplomatov.si\/wp-content\/uploads\/2023\/01\/obisk_bruselj_1.-300x225.jpeg 300w, https:\/\/klubdiplomatov.si\/wp-content\/uploads\/2023\/01\/obisk_bruselj_1.-16x12.jpeg 16w\" sizes=\"auto, (max-width: 640px) 100vw, 640px\" \/><\/figure>\n\n\n\n<figure class=\"wp-block-image size-large\"><img loading=\"lazy\" decoding=\"async\" width=\"640\" height=\"480\" src=\"https:\/\/klubdiplomatov.si\/wp-content\/uploads\/2023\/01\/obisk_bruselj_2..jpeg\" alt=\"\" class=\"wp-image-642\" srcset=\"https:\/\/klubdiplomatov.si\/wp-content\/uploads\/2023\/01\/obisk_bruselj_2..jpeg 640w, https:\/\/klubdiplomatov.si\/wp-content\/uploads\/2023\/01\/obisk_bruselj_2.-300x225.jpeg 300w, https:\/\/klubdiplomatov.si\/wp-content\/uploads\/2023\/01\/obisk_bruselj_2.-16x12.jpeg 16w\" sizes=\"auto, (max-width: 640px) 100vw, 640px\" \/><\/figure>\n\n\n\n<figure class=\"wp-block-image size-large\"><img loading=\"lazy\" decoding=\"async\" width=\"640\" height=\"480\" src=\"https:\/\/klubdiplomatov.si\/wp-content\/uploads\/2023\/01\/obisk_bruselj_3..jpeg\" alt=\"\" class=\"wp-image-644\" srcset=\"https:\/\/klubdiplomatov.si\/wp-content\/uploads\/2023\/01\/obisk_bruselj_3..jpeg 640w, https:\/\/klubdiplomatov.si\/wp-content\/uploads\/2023\/01\/obisk_bruselj_3.-300x225.jpeg 300w, https:\/\/klubdiplomatov.si\/wp-content\/uploads\/2023\/01\/obisk_bruselj_3.-16x12.jpeg 16w\" sizes=\"auto, (max-width: 640px) 100vw, 640px\" \/><\/figure>\n\n\n\n<figure class=\"wp-block-image size-large\"><img loading=\"lazy\" decoding=\"async\" width=\"640\" height=\"480\" src=\"https:\/\/klubdiplomatov.si\/wp-content\/uploads\/2023\/01\/obisk_bruselj_4..jpeg\" alt=\"\" class=\"wp-image-643\" srcset=\"https:\/\/klubdiplomatov.si\/wp-content\/uploads\/2023\/01\/obisk_bruselj_4..jpeg 640w, https:\/\/klubdiplomatov.si\/wp-content\/uploads\/2023\/01\/obisk_bruselj_4.-300x225.jpeg 300w, https:\/\/klubdiplomatov.si\/wp-content\/uploads\/2023\/01\/obisk_bruselj_4.-16x12.jpeg 16w\" sizes=\"auto, (max-width: 640px) 100vw, 640px\" \/><\/figure>","protected":false},"excerpt":{"rendered":"<p>\u010clani Kluba diplomatov Slovenije smo se v \u010detrtek, 12. Januarja odpravili v Bruselj. Zelo heterogena in ve\u010dgeneracijska skupina si je v treh dneh ogledala evropski parlament, se sestala z dvema od osmih slovenskih poslancev evropskega parlamenta, obiskala SBRA in nekatere od \u0161tevilnih znamenitosti Bruslja, na\u0161e evropske prestolnice.<\/p>","protected":false},"author":1,"featured_media":641,"comment_status":"open","ping_status":"open","sticky":false,"template":"","format":"standard","meta":{"footnotes":""},"categories":[11],"tags":[71,77,76],"class_list":["post-640","post","type-post","status-publish","format-standard","has-post-thumbnail","hentry","category-novice","tag-bruselj","tag-evropski-parlament","tag-obisk","entry","has-media"],"aioseo_notices":[],"_links":{"self":[{"href":"https:\/\/klubdiplomatov.si\/en\/wp-json\/wp\/v2\/posts\/640","targetHints":{"allow":["GET"]}}],"collection":[{"href":"https:\/\/klubdiplomatov.si\/en\/wp-json\/wp\/v2\/posts"}],"about":[{"href":"https:\/\/klubdiplomatov.si\/en\/wp-json\/wp\/v2\/types\/post"}],"author":[{"embeddable":true,"href":"https:\/\/klubdiplomatov.si\/en\/wp-json\/wp\/v2\/users\/1"}],"replies":[{"embeddable":true,"href":"https:\/\/klubdiplomatov.si\/en\/wp-json\/wp\/v2\/comments?post=640"}],"version-history":[{"count":3,"href":"https:\/\/klubdiplomatov.si\/en\/wp-json\/wp\/v2\/posts\/640\/revisions"}],"predecessor-version":[{"id":648,"href":"https:\/\/klubdiplomatov.si\/en\/wp-json\/wp\/v2\/posts\/640\/revisions\/648"}],"wp:featuredmedia":[{"embeddable":true,"href":"https:\/\/klubdiplomatov.si\/en\/wp-json\/wp\/v2\/media\/641"}],"wp:attachment":[{"href":"https:\/\/klubdiplomatov.si\/en\/wp-json\/wp\/v2\/media?parent=640"}],"wp:term":[{"taxonomy":"category","embeddable":true,"href":"https:\/\/klubdiplomatov.si\/en\/wp-json\/wp\/v2\/categories?post=640"},{"taxonomy":"post_tag","embeddable":true,"href":"https:\/\/klubdiplomatov.si\/en\/wp-json\/wp\/v2\/tags?post=640"}],"curies":[{"name":"wp","href":"https:\/\/api.w.org\/{rel}","templated":true}]}}