{"id":887,"date":"2023-08-28T07:00:24","date_gmt":"2023-08-28T07:00:24","guid":{"rendered":"https:\/\/klubdiplomatov.si\/?p=887"},"modified":"2023-08-28T07:00:24","modified_gmt":"2023-08-28T07:00:24","slug":"proslava-ob-104-obletnici-zdruzitve-prekmurskih-slovencev","status":"publish","type":"post","link":"https:\/\/klubdiplomatov.si\/en\/proslava-ob-104-obletnici-zdruzitve-prekmurskih-slovencev\/","title":{"rendered":"Proslava ob 104. obletnici zdru\u017eitve prekmurskih Slovencev"},"content":{"rendered":"<p><strong>Klub diplomatov na dogodku<\/strong> &#8211; Proslava ob 104. obletnici zdru\u017eitve prekmurskih Slovencev z mati\u010dnim narodom &nbsp;v sredo, 16.8.2023 na Prekmurskem trgu<\/p>\n\n\n\n<p>Na predve\u010der praznika, ki sicer ni dela prost dan,&nbsp; je Prekmurski trg, ki mu nekateri o\u010ditajo &#8220;betonsko arhitekturo&#8221;, o\u017eivel v vzdu\u0161ju, ki ga \u017ee pregovorno povezujemo s Prekmurci: pristno, gostoljubno, veselo, kulinari\u010dno bogato in pospremljeno z zvoki cimbal.<\/p>\n\n\n\n<p>Klub Prekmurcev v Ljubljani je bil organizator tokratne proslave v po\u010dastitev dr\u017eavnega praznika ob 104. obletnici priklju\u010ditve obmo\u010dja Prekmurja takratni Kraljevini Srbov, Hrvatov in Slovencev na pari\u0161ki mirovni. Prekmurski Slovenci so bili s tem, po 9-stoletij dolgi &nbsp;mad\u017earski nadvladi, ponovno zdru\u017eeni z mati\u010dnim narodom. Ob koncu prve svetovne vojne, 12. avgusta 1919 je jugoslovanska vojska zasedla Prekmurje, 17. avgusta pa na mno\u017ei\u010dnem ljudskem zborovanju v Beltincih oblast predala civilnemu upravitelju. \u017dal so zunaj &#8220;mati\u010dne domovine&#8221; tedaj ostali Slovenci v Porabju.<\/p>\n\n\n\n<p>V Sloveniji obele\u017eujemo ta praznik, ki ni dela prosti dan, od leta 2006. Prilo\u017enostni nagovori na tokratni proslavi so bili v duhu nedavnih tragi\u010dnih dogodkov ob poplavah v dobr\u0161nem delu Slovenije, tudi v Prekmurju. V uvodnem nagovoru je predsednica Kluba Prekmurcev v Ljubljani poudarila, da se tudi v teh te\u017ekih \u010dasih ka\u017ee \u0161irokogrudnost Prekmurcev, o katerih je pisal Mi\u0161ko Kranjec. Rojen v Polani je deloval v Ljubljani. Letos junija je minilo 40 let od njegove smrti, v njegovih delih pa se je prvi\u010d vzpostavila tudi literarna pokrajina Prekmurje.<\/p>\n\n\n\n<p>Slavnostni govornik je bil minister za kohezijo in regionalni razvoj Aleksander Jev\u0161ek. Tudi on se je, kot &#8220;pri\u017eenjeni&#8221; Prekmurec osredoto\u010dil na Kranj\u010devo zapu\u0161\u010dino in dejstvo, da se prav v teh te\u017ekih dneh odpravljanja posledic leto\u0161njih naravnih ujm potrebno zavedati, da smo mo\u010dne le, \u010de smo skupaj, solidarni in \u0161irokogrudni. Le-tak\u0161ni pa so vedno bili, so in bodo prav Prekmurci, ki so povsod po svetu, veliko njih, zlasti izobra\u017eencev, tudi v Ljubljani.<\/p>\n\n\n\n<p>Vsak od njih nosi s seboj ko\u0161\u010dek doma\u010dega Prekmurja, \u010demur je, v svojem nagovoru, pritrdil tudi ljubljanski \u017eupan Jankovi\u010d. Ponovno je izrazil ponos, da je &#8220;najlep\u0161e mesto na svetu&#8221; pred \u0161tirimi leti,&nbsp; uspelo dobiti tudi lepo urejen Prekmurski trg s tribuno, ki slu\u017ei povezavi vseh nivojev javnega prostora v eno do\u017eivljajsko celoto. Kaskadno spu\u0161\u010dene stopnice oblikujejo nov javni prostor, ki se spusti na trg in odkriva prej skriti pogledi na arhitekturno in spomeni\u0161ko dedi\u0161\u010dino Ple\u010dnikovih zapornic, pala\u010de Cukrarne, Hrenovega spomenika in \u0161ir\u0161ega okolja \u0160empetra in Poljanske ceste. Ob 100.obletnici priklju\u010ditve je bil postavljen tudi spomenik, ki ga je zasnoval akademski kipar Zoran Srdi\u0107 Jane\u017ei\u010d. Z njim se je avtor poklonil predvsem tradicionalni, a izumirajo\u010di prekmurski obrti, lon\u010darstvu. Spomenik tako sestavlja 340 lon\u010darskih oblik, ki so razli\u010dno razporejene po podstavku. Navkljub \u0161tevilnim pomislekom je tudi ta trg primeren za dru\u017eenje ob najrazli\u010dnej\u0161ih dogodkih, \u0161e zlasti pa je prijetno sre\u010date Prekmurce, \u017eive\u010de v Ljubljani in tiste, ki pridejo v prestolnico le ob\u010dasno z namenom, da Ljubljan\u010danom ponudijo katero od \u0161tevilnih dobrot. Tudi v sredo jih je bilo kar nekaj. Na prilo\u017enostnih stojnicah smo lahko na\u0161li marsikaj: od za\u0161\u010ditene Prekmurske gibanice in prekmurske \u0161unke, do odli\u010dnega vina, doma\u010dega paradi\u017enika, bu\u010dnega olja, d\u00f6d\u00f6lov, posolank, ipd. V kulturnem programu je sodelovala vedno odli\u010dna folklorna skupina KUD Beltinci, otroci glasbene \u0161ole Lendava in glasbena skupina Ethnotrip.<\/p>","protected":false},"excerpt":{"rendered":"<p>Klub diplomatov na dogodku &#8211; Proslava ob 104. obletnici zdru\u017eitve prekmurskih Slovencev z mati\u010dnim narodom \u00a0v sredo, 16.8.2023 na Prekmurskem trgu<\/p>","protected":false},"author":1,"featured_media":0,"comment_status":"open","ping_status":"open","sticky":false,"template":"","format":"standard","meta":{"footnotes":""},"categories":[11],"tags":[],"class_list":["post-887","post","type-post","status-publish","format-standard","hentry","category-novice","entry"],"aioseo_notices":[],"_links":{"self":[{"href":"https:\/\/klubdiplomatov.si\/en\/wp-json\/wp\/v2\/posts\/887","targetHints":{"allow":["GET"]}}],"collection":[{"href":"https:\/\/klubdiplomatov.si\/en\/wp-json\/wp\/v2\/posts"}],"about":[{"href":"https:\/\/klubdiplomatov.si\/en\/wp-json\/wp\/v2\/types\/post"}],"author":[{"embeddable":true,"href":"https:\/\/klubdiplomatov.si\/en\/wp-json\/wp\/v2\/users\/1"}],"replies":[{"embeddable":true,"href":"https:\/\/klubdiplomatov.si\/en\/wp-json\/wp\/v2\/comments?post=887"}],"version-history":[{"count":1,"href":"https:\/\/klubdiplomatov.si\/en\/wp-json\/wp\/v2\/posts\/887\/revisions"}],"predecessor-version":[{"id":888,"href":"https:\/\/klubdiplomatov.si\/en\/wp-json\/wp\/v2\/posts\/887\/revisions\/888"}],"wp:attachment":[{"href":"https:\/\/klubdiplomatov.si\/en\/wp-json\/wp\/v2\/media?parent=887"}],"wp:term":[{"taxonomy":"category","embeddable":true,"href":"https:\/\/klubdiplomatov.si\/en\/wp-json\/wp\/v2\/categories?post=887"},{"taxonomy":"post_tag","embeddable":true,"href":"https:\/\/klubdiplomatov.si\/en\/wp-json\/wp\/v2\/tags?post=887"}],"curies":[{"name":"wp","href":"https:\/\/api.w.org\/{rel}","templated":true}]}}